{"id":5852,"date":"2022-09-01T13:22:26","date_gmt":"2022-09-01T11:22:26","guid":{"rendered":"https:\/\/turismelarapita.cat\/?p=5852"},"modified":"2022-09-01T13:22:26","modified_gmt":"2022-09-01T11:22:26","slug":"fiesta-tradicional-de-la-siega-del-arroz","status":"publish","type":"post","link":"https:\/\/turismelarapita.cat\/es\/fiesta-tradicional-de-la-siega-del-arroz\/","title":{"rendered":"Fiesta Tradicional de la Siega del Arroz"},"content":{"rendered":"<h5>\ud83c\udf3e <a href=\"https:\/\/enlarapita.com\/activitats\/festa-de-la-sega-de-larrs-2022-14498-6\/\"><strong>RESERVAS DE LA FIESTA DE LA SIEGA DEL ARROZ <\/strong><\/a>\ud83c\udf3e<\/h5>\n<p>&nbsp;<\/p>\n<h3 class=\"p1\"><span style=\"color: #000000;\"><b>PROGRAMA\u00a0<\/b><\/span><\/h3>\n<h6><\/h6>\n<h3 class=\"p1\"><b>Viernes 16 septiembre:<\/b><\/h3>\n<p class=\"p1\">Fiesta del arroz por escuelas: durante la ma\u00f1ana se recibir\u00e1n grupos de las escuelas locales para darles a conocer los oficios tradicionales del arroz.<\/p>\n<h3 class=\"p1\"><b>S\u00e1dado 17 septiembre:<\/b><\/h3>\n<p>Por la ma\u00f1ana: Reserva ya tu visita vivencial. \u00a1Plazas limitadas!<\/p>\n<p>10h a 11h Primer turno de la visita vivencial de la Fiesta de la Sega. \u00a1Conoce, aprende y participa!<\/p>\n<p>11h a 12h Segundo turno de la visita vivencial de la Fiesta de la Sega. \u00a1Conoce, aprende y participa!<\/p>\n<p>12h a 13h Tercer turno de la visita vivencial de la Fiesta de la Sega. \u00a1Conoce, aprende y participa!<\/p>\n<p>\u00a1Haz ya tu inscripci\u00f3n! Donativo: 1\u20ac por persona que se destinar\u00e1 a proyectos de recuperaci\u00f3n de fauna silvestre.<\/p>\n<p>\u00a1NOVEDAD! Talleres medioambientales para adultos, j\u00f3venes y ni\u00f1os<\/p>\n<p>Ven a partir de las 10h y durante toda la ma\u00f1ana disfruta de talleres gratuitos de tipo medioambiental: Construcci\u00f3n comederos para p\u00e1jaros, Que comen los b\u00fahos-talleres egagr\u00f3pilas, taller anillamiento p\u00e1jaros visita al proyecto noctua-b\u00fahos de Catalu\u00f1a y taller la migraci\u00f3n de las Anguilas .<\/p>\n<p>Y para el almuerzo&#8230; Reserva de forma anticipada el taller de cocina tradicional del Delta. \u00a1Aprende a cocinar como se hace en el Delta, y despu\u00e9s, podr\u00e1s degustar tu comida al fresco rodeado de arrozales! \u00a1Ap\u00fantate aqu\u00ed!<\/p>\n<p>\u00a1Por la tarde continuamos!<\/p>\n<p>De 16h a 18h: Talleres medioambientales para adultos, j\u00f3venes y ni\u00f1os<\/p>\n<p>Adem\u00e1s del d\u00eda 16 de septiembre al 02 de octubre podr\u00e1 disfrutar de las Jornadas Gastron\u00f3micas del Arroz en el restaurante de la R\u00e0pita.<\/p>\n<p class=\"p1\"><b>CONTACTO<\/b><\/p>\n<p class=\"p1\"><b>Fundaci\u00f3 Plegadis<\/b><\/p>\n<ul>\n<li class=\"p1\">Partida Casablanca pol\u00edgon 11, parcel\u00b7la 31 \u2013 43540 La R\u00e0pita<\/li>\n<li class=\"p1\">Tel. 616 994 030<\/li>\n<li class=\"p1\">salessergi@gmail.com<\/li>\n<\/ul>\n<p>\ud83d\udc49 <a href=\"https:\/\/terresdelebre.travel\/festesarros\/\"><strong>M\u00c1S FIESTAS DE LA SIEGA DEL ARROZ EN EL DELTA DEL EBRO <\/strong><\/a>\u00a0\ud83d\udc48<\/p>\n<p><img decoding=\"async\" loading=\"lazy\" class=\"alignnone wp-image-5804 size-large\" src=\"https:\/\/turismelarapita.cat\/wp-content\/uploads\/2021\/08\/cartell-sega-2022-definitiu-724x1024.jpg\" alt=\"FESTA SEGA\" width=\"724\" height=\"1024\" srcset=\"https:\/\/turismelarapita.cat\/wp-content\/uploads\/2021\/08\/cartell-sega-2022-definitiu-724x1024.jpg 724w, https:\/\/turismelarapita.cat\/wp-content\/uploads\/2021\/08\/cartell-sega-2022-definitiu-212x300.jpg 212w, https:\/\/turismelarapita.cat\/wp-content\/uploads\/2021\/08\/cartell-sega-2022-definitiu-768x1087.jpg 768w, https:\/\/turismelarapita.cat\/wp-content\/uploads\/2021\/08\/cartell-sega-2022-definitiu-1086x1536.jpg 1086w, https:\/\/turismelarapita.cat\/wp-content\/uploads\/2021\/08\/cartell-sega-2022-definitiu.jpg 1181w\" sizes=\"(max-width: 724px) 100vw, 724px\" \/><\/p>\n","protected":false},"excerpt":{"rendered":"<p>\ud83c\udf3e RESERVAS DE LA FIESTA DE LA SIEGA DEL ARROZ \ud83c\udf3e &nbsp; PROGRAMA\u00a0 Viernes 16 septiembre: Fiesta del arroz por escuelas: durante la ma\u00f1ana se recibir\u00e1n grupos de las escuelas locales para darles a conocer los oficios tradicionales del arroz. S\u00e1dado 17 septiembre: Por la ma\u00f1ana: Reserva ya tu visita vivencial. \u00a1Plazas limitadas! 10h a &hellip;<\/p>\n<p class=\"read-more\"> <a class=\"\" href=\"https:\/\/turismelarapita.cat\/es\/fiesta-tradicional-de-la-siega-del-arroz\/\"> <span class=\"screen-reader-text\">Fiesta Tradicional de la Siega del Arroz<\/span> Leer m\u00e1s &raquo;<\/a><\/p>\n","protected":false},"author":2,"featured_media":6367,"comment_status":"open","ping_status":"open","sticky":false,"template":"","format":"standard","meta":{"_joinchat":[]},"categories":[99,100],"tags":[],"yoast_head":"<!-- This site is optimized with the Yoast SEO plugin v20.5 - https:\/\/yoast.com\/wordpress\/plugins\/seo\/ -->\n<title>Fiesta Tradicional de la Siega del Arroz - Turisme La R\u00e0pita<\/title>\n<meta name=\"robots\" content=\"index, follow, max-snippet:-1, max-image-preview:large, max-video-preview:-1\" \/>\n<link rel=\"canonical\" href=\"https:\/\/turismelarapita.cat\/es\/fiesta-tradicional-de-la-siega-del-arroz\/\" \/>\n<meta property=\"og:locale\" content=\"es_ES\" \/>\n<meta property=\"og:type\" content=\"article\" \/>\n<meta property=\"og:title\" content=\"Fiesta Tradicional de la Siega del Arroz - Turisme La R\u00e0pita\" \/>\n<meta property=\"og:description\" content=\"\ud83c\udf3e RESERVAS DE LA FIESTA DE LA SIEGA DEL ARROZ \ud83c\udf3e &nbsp; PROGRAMA\u00a0 Viernes 16 septiembre: Fiesta del arroz por escuelas: durante la ma\u00f1ana se recibir\u00e1n grupos de las escuelas locales para darles a conocer los oficios tradicionales del arroz. S\u00e1dado 17 septiembre: Por la ma\u00f1ana: Reserva ya tu visita vivencial. \u00a1Plazas limitadas! 10h a &hellip; Fiesta Tradicional de la Siega del Arroz Leer m\u00e1s &raquo;\" \/>\n<meta property=\"og:url\" content=\"https:\/\/turismelarapita.cat\/es\/fiesta-tradicional-de-la-siega-del-arroz\/\" \/>\n<meta property=\"og:site_name\" content=\"Turisme La R\u00e0pita\" \/>\n<meta property=\"article:published_time\" content=\"2022-09-01T11:22:26+00:00\" \/>\n<meta property=\"og:image\" content=\"https:\/\/turismelarapita.cat\/wp-content\/uploads\/2021\/08\/cartell-sega-2022-definitiu.jpg\" \/>\n\t<meta property=\"og:image:width\" content=\"1181\" \/>\n\t<meta property=\"og:image:height\" content=\"1671\" \/>\n\t<meta property=\"og:image:type\" content=\"image\/jpeg\" \/>\n<meta name=\"author\" content=\"jaume@sommillennials.cat\" \/>\n<meta name=\"twitter:card\" content=\"summary_large_image\" \/>\n<meta name=\"twitter:label1\" content=\"Escrito por\" \/>\n\t<meta name=\"twitter:data1\" content=\"jaume@sommillennials.cat\" \/>\n\t<meta name=\"twitter:label2\" content=\"Tiempo de lectura\" \/>\n\t<meta name=\"twitter:data2\" content=\"2 minutos\" \/>\n<script type=\"application\/ld+json\" class=\"yoast-schema-graph\">{\"@context\":\"https:\/\/schema.org\",\"@graph\":[{\"@type\":\"Article\",\"@id\":\"https:\/\/turismelarapita.cat\/es\/fiesta-tradicional-de-la-siega-del-arroz\/#article\",\"isPartOf\":{\"@id\":\"https:\/\/turismelarapita.cat\/es\/fiesta-tradicional-de-la-siega-del-arroz\/\"},\"author\":{\"name\":\"jaume@sommillennials.cat\",\"@id\":\"https:\/\/turismelarapita.cat\/#\/schema\/person\/30a02b884818750fb463675655ef3a98\"},\"headline\":\"Fiesta Tradicional de la Siega del Arroz\",\"datePublished\":\"2022-09-01T11:22:26+00:00\",\"dateModified\":\"2022-09-01T11:22:26+00:00\",\"mainEntityOfPage\":{\"@id\":\"https:\/\/turismelarapita.cat\/es\/fiesta-tradicional-de-la-siega-del-arroz\/\"},\"wordCount\":310,\"commentCount\":0,\"publisher\":{\"@id\":\"https:\/\/turismelarapita.cat\/#organization\"},\"articleSection\":[\"Agenda\",\"Eventos cercanos\"],\"inLanguage\":\"es\",\"potentialAction\":[{\"@type\":\"CommentAction\",\"name\":\"Comment\",\"target\":[\"https:\/\/turismelarapita.cat\/es\/fiesta-tradicional-de-la-siega-del-arroz\/#respond\"]}]},{\"@type\":\"WebPage\",\"@id\":\"https:\/\/turismelarapita.cat\/es\/fiesta-tradicional-de-la-siega-del-arroz\/\",\"url\":\"https:\/\/turismelarapita.cat\/es\/fiesta-tradicional-de-la-siega-del-arroz\/\",\"name\":\"Fiesta Tradicional de la Siega del Arroz - Turisme La R\u00e0pita\",\"isPartOf\":{\"@id\":\"https:\/\/turismelarapita.cat\/#website\"},\"datePublished\":\"2022-09-01T11:22:26+00:00\",\"dateModified\":\"2022-09-01T11:22:26+00:00\",\"breadcrumb\":{\"@id\":\"https:\/\/turismelarapita.cat\/es\/fiesta-tradicional-de-la-siega-del-arroz\/#breadcrumb\"},\"inLanguage\":\"es\",\"potentialAction\":[{\"@type\":\"ReadAction\",\"target\":[\"https:\/\/turismelarapita.cat\/es\/fiesta-tradicional-de-la-siega-del-arroz\/\"]}]},{\"@type\":\"BreadcrumbList\",\"@id\":\"https:\/\/turismelarapita.cat\/es\/fiesta-tradicional-de-la-siega-del-arroz\/#breadcrumb\",\"itemListElement\":[{\"@type\":\"ListItem\",\"position\":1,\"name\":\"Inici\",\"item\":\"https:\/\/turismelarapita.cat\/es\/\"},{\"@type\":\"ListItem\",\"position\":2,\"name\":\"Fiesta Tradicional de la Siega del Arroz\"}]},{\"@type\":\"WebSite\",\"@id\":\"https:\/\/turismelarapita.cat\/#website\",\"url\":\"https:\/\/turismelarapita.cat\/\",\"name\":\"Turisme La R\u00e0pita\",\"description\":\"Un altre lloc gestionat amb el WordPress\",\"publisher\":{\"@id\":\"https:\/\/turismelarapita.cat\/#organization\"},\"potentialAction\":[{\"@type\":\"SearchAction\",\"target\":{\"@type\":\"EntryPoint\",\"urlTemplate\":\"https:\/\/turismelarapita.cat\/?s={search_term_string}\"},\"query-input\":\"required name=search_term_string\"}],\"inLanguage\":\"es\"},{\"@type\":\"Organization\",\"@id\":\"https:\/\/turismelarapita.cat\/#organization\",\"name\":\"Turisme La R\u00e0pita\",\"url\":\"https:\/\/turismelarapita.cat\/\",\"logo\":{\"@type\":\"ImageObject\",\"inLanguage\":\"es\",\"@id\":\"https:\/\/turismelarapita.cat\/#\/schema\/logo\/image\/\",\"url\":\"https:\/\/turismelarapita.cat\/wp-content\/uploads\/2020\/11\/logo-blanc.svg\",\"contentUrl\":\"https:\/\/turismelarapita.cat\/wp-content\/uploads\/2020\/11\/logo-blanc.svg\",\"caption\":\"Turisme La R\u00e0pita\"},\"image\":{\"@id\":\"https:\/\/turismelarapita.cat\/#\/schema\/logo\/image\/\"}},{\"@type\":\"Person\",\"@id\":\"https:\/\/turismelarapita.cat\/#\/schema\/person\/30a02b884818750fb463675655ef3a98\",\"name\":\"jaume@sommillennials.cat\",\"url\":\"https:\/\/turismelarapita.cat\/es\/author\/jaumesommillennials-cat\/\"}]}<\/script>\n<!-- \/ Yoast SEO plugin. -->","yoast_head_json":{"title":"Fiesta Tradicional de la Siega del Arroz - Turisme La R\u00e0pita","robots":{"index":"index","follow":"follow","max-snippet":"max-snippet:-1","max-image-preview":"max-image-preview:large","max-video-preview":"max-video-preview:-1"},"canonical":"https:\/\/turismelarapita.cat\/es\/fiesta-tradicional-de-la-siega-del-arroz\/","og_locale":"es_ES","og_type":"article","og_title":"Fiesta Tradicional de la Siega del Arroz - Turisme La R\u00e0pita","og_description":"\ud83c\udf3e RESERVAS DE LA FIESTA DE LA SIEGA DEL ARROZ \ud83c\udf3e &nbsp; PROGRAMA\u00a0 Viernes 16 septiembre: Fiesta del arroz por escuelas: durante la ma\u00f1ana se recibir\u00e1n grupos de las escuelas locales para darles a conocer los oficios tradicionales del arroz. S\u00e1dado 17 septiembre: Por la ma\u00f1ana: Reserva ya tu visita vivencial. \u00a1Plazas limitadas! 10h a &hellip; Fiesta Tradicional de la Siega del Arroz Leer m\u00e1s &raquo;","og_url":"https:\/\/turismelarapita.cat\/es\/fiesta-tradicional-de-la-siega-del-arroz\/","og_site_name":"Turisme La R\u00e0pita","article_published_time":"2022-09-01T11:22:26+00:00","og_image":[{"width":1181,"height":1671,"url":"https:\/\/turismelarapita.cat\/wp-content\/uploads\/2021\/08\/cartell-sega-2022-definitiu.jpg","type":"image\/jpeg"}],"author":"jaume@sommillennials.cat","twitter_card":"summary_large_image","twitter_misc":{"Escrito por":"jaume@sommillennials.cat","Tiempo de lectura":"2 minutos"},"schema":{"@context":"https:\/\/schema.org","@graph":[{"@type":"Article","@id":"https:\/\/turismelarapita.cat\/es\/fiesta-tradicional-de-la-siega-del-arroz\/#article","isPartOf":{"@id":"https:\/\/turismelarapita.cat\/es\/fiesta-tradicional-de-la-siega-del-arroz\/"},"author":{"name":"jaume@sommillennials.cat","@id":"https:\/\/turismelarapita.cat\/#\/schema\/person\/30a02b884818750fb463675655ef3a98"},"headline":"Fiesta Tradicional de la Siega del Arroz","datePublished":"2022-09-01T11:22:26+00:00","dateModified":"2022-09-01T11:22:26+00:00","mainEntityOfPage":{"@id":"https:\/\/turismelarapita.cat\/es\/fiesta-tradicional-de-la-siega-del-arroz\/"},"wordCount":310,"commentCount":0,"publisher":{"@id":"https:\/\/turismelarapita.cat\/#organization"},"articleSection":["Agenda","Eventos cercanos"],"inLanguage":"es","potentialAction":[{"@type":"CommentAction","name":"Comment","target":["https:\/\/turismelarapita.cat\/es\/fiesta-tradicional-de-la-siega-del-arroz\/#respond"]}]},{"@type":"WebPage","@id":"https:\/\/turismelarapita.cat\/es\/fiesta-tradicional-de-la-siega-del-arroz\/","url":"https:\/\/turismelarapita.cat\/es\/fiesta-tradicional-de-la-siega-del-arroz\/","name":"Fiesta Tradicional de la Siega del Arroz - Turisme La R\u00e0pita","isPartOf":{"@id":"https:\/\/turismelarapita.cat\/#website"},"datePublished":"2022-09-01T11:22:26+00:00","dateModified":"2022-09-01T11:22:26+00:00","breadcrumb":{"@id":"https:\/\/turismelarapita.cat\/es\/fiesta-tradicional-de-la-siega-del-arroz\/#breadcrumb"},"inLanguage":"es","potentialAction":[{"@type":"ReadAction","target":["https:\/\/turismelarapita.cat\/es\/fiesta-tradicional-de-la-siega-del-arroz\/"]}]},{"@type":"BreadcrumbList","@id":"https:\/\/turismelarapita.cat\/es\/fiesta-tradicional-de-la-siega-del-arroz\/#breadcrumb","itemListElement":[{"@type":"ListItem","position":1,"name":"Inici","item":"https:\/\/turismelarapita.cat\/es\/"},{"@type":"ListItem","position":2,"name":"Fiesta Tradicional de la Siega del Arroz"}]},{"@type":"WebSite","@id":"https:\/\/turismelarapita.cat\/#website","url":"https:\/\/turismelarapita.cat\/","name":"Turisme La R\u00e0pita","description":"Un altre lloc gestionat amb el WordPress","publisher":{"@id":"https:\/\/turismelarapita.cat\/#organization"},"potentialAction":[{"@type":"SearchAction","target":{"@type":"EntryPoint","urlTemplate":"https:\/\/turismelarapita.cat\/?s={search_term_string}"},"query-input":"required name=search_term_string"}],"inLanguage":"es"},{"@type":"Organization","@id":"https:\/\/turismelarapita.cat\/#organization","name":"Turisme La R\u00e0pita","url":"https:\/\/turismelarapita.cat\/","logo":{"@type":"ImageObject","inLanguage":"es","@id":"https:\/\/turismelarapita.cat\/#\/schema\/logo\/image\/","url":"https:\/\/turismelarapita.cat\/wp-content\/uploads\/2020\/11\/logo-blanc.svg","contentUrl":"https:\/\/turismelarapita.cat\/wp-content\/uploads\/2020\/11\/logo-blanc.svg","caption":"Turisme La R\u00e0pita"},"image":{"@id":"https:\/\/turismelarapita.cat\/#\/schema\/logo\/image\/"}},{"@type":"Person","@id":"https:\/\/turismelarapita.cat\/#\/schema\/person\/30a02b884818750fb463675655ef3a98","name":"jaume@sommillennials.cat","url":"https:\/\/turismelarapita.cat\/es\/author\/jaumesommillennials-cat\/"}]}},"_links":{"self":[{"href":"https:\/\/turismelarapita.cat\/es\/wp-json\/wp\/v2\/posts\/5852"}],"collection":[{"href":"https:\/\/turismelarapita.cat\/es\/wp-json\/wp\/v2\/posts"}],"about":[{"href":"https:\/\/turismelarapita.cat\/es\/wp-json\/wp\/v2\/types\/post"}],"author":[{"embeddable":true,"href":"https:\/\/turismelarapita.cat\/es\/wp-json\/wp\/v2\/users\/2"}],"replies":[{"embeddable":true,"href":"https:\/\/turismelarapita.cat\/es\/wp-json\/wp\/v2\/comments?post=5852"}],"version-history":[{"count":1,"href":"https:\/\/turismelarapita.cat\/es\/wp-json\/wp\/v2\/posts\/5852\/revisions"}],"predecessor-version":[{"id":5853,"href":"https:\/\/turismelarapita.cat\/es\/wp-json\/wp\/v2\/posts\/5852\/revisions\/5853"}],"wp:featuredmedia":[{"embeddable":true,"href":"https:\/\/turismelarapita.cat\/es\/wp-json\/wp\/v2\/media\/6367"}],"wp:attachment":[{"href":"https:\/\/turismelarapita.cat\/es\/wp-json\/wp\/v2\/media?parent=5852"}],"wp:term":[{"taxonomy":"category","embeddable":true,"href":"https:\/\/turismelarapita.cat\/es\/wp-json\/wp\/v2\/categories?post=5852"},{"taxonomy":"post_tag","embeddable":true,"href":"https:\/\/turismelarapita.cat\/es\/wp-json\/wp\/v2\/tags?post=5852"}],"curies":[{"name":"wp","href":"https:\/\/api.w.org\/{rel}","templated":true}]}}